{"id":1762,"date":"2024-11-22T19:09:41","date_gmt":"2024-11-22T18:09:41","guid":{"rendered":"https:\/\/grupoale.com\/zoomlion\/rampas-para-carga-e-descarga-de-maquinas\/"},"modified":"2024-11-27T16:48:48","modified_gmt":"2024-11-27T15:48:48","slug":"rampas-para-carga-e-descarga-de-maquinas","status":"publish","type":"post","link":"https:\/\/grupoale.com\/zoomlion\/pt-pt\/rampas-para-carga-e-descarga-de-maquinas\/","title":{"rendered":"Rampas para carga e descarga de m\u00e1quinas"},"content":{"rendered":"&#13;\n<h2 class=\"wp-block-heading\">A import\u00e2ncia de escolher as rampas adequadas para a carga e descarga de m\u00e1quinas: os factores-chave.<\/h2>&#13;\n&#13;\n<p>No dom\u00ednio das m\u00e1quinas de constru\u00e7\u00e3o e de eleva\u00e7\u00e3o, as opera\u00e7\u00f5es de carga e descarga s\u00e3o uma parte crucial do trabalho quotidiano. A escolha certa das rampas e o c\u00e1lculo correto do \u00e2ngulo de subida n\u00e3o s\u00f3 garantem a seguran\u00e7a, como tamb\u00e9m protegem a integridade do equipamento e optimizam a efici\u00eancia operacional. Entre os factores mais importantes a considerar, o \u00e2ngulo ventral da m\u00e1quina desempenha um papel fundamental. Neste artigo, explicaremos a sua import\u00e2ncia, como calcul\u00e1-lo e as suas aplica\u00e7\u00f5es pr\u00e1ticas.   <\/p>&#13;\n&#13;\n<h2 class=\"wp-block-heading\">A escolha das rampas: uma quest\u00e3o de seguran\u00e7a e de funcionalidade<\/h2>&#13;\n&#13;\n<p>As rampas s\u00e3o ferramentas essenciais para a desloca\u00e7\u00e3o de m\u00e1quinas, quer para o seu transporte, quer para aceder a zonas de trabalho espec\u00edficas. No entanto, nem todas as rampas s\u00e3o iguais, e a escolha da mais adequada depende de factores como: <\/p>&#13;\n\r\n<ul class=\"wp-block-list\">&#13;\n<li><strong>Capacidade de carga<\/strong>: A rampa deve suportar o peso total da m\u00e1quina.<\/li>&#13;\n\r\n\r\n&#13;\n<li><strong>Material de constru\u00e7\u00e3o<\/strong>: Assegura a durabilidade e a resist\u00eancia ao desgaste.<\/li>&#13;\n\r\n\r\n&#13;\n<li><strong>Comprimento e inclina\u00e7\u00e3o:<\/strong> O comprimento da rampa determina o \u00e2ngulo de subida, que deve ser seguro e compat\u00edvel com as carater\u00edsticas da m\u00e1quina.<\/li>&#13;\n<\/ul>\r\n&#13;\n<p>Um erro comum \u00e9 subestimar a import\u00e2ncia do \u00e2ngulo de subida e a sua rela\u00e7\u00e3o com o \u00e2ngulo ventral da m\u00e1quina, o que pode levar a danos no equipamento ou a acidentes.<\/p>&#13;\n&#13;\n<h2 class=\"wp-block-heading\">O que \u00e9 o \u00e2ngulo ventral e porque \u00e9 que \u00e9 importante?<\/h2>&#13;\n&#13;\n<p>O \u00e2ngulo ventral, tamb\u00e9m conhecido como \u00e2ngulo de cruzamento, \u00e9 o \u00e2ngulo m\u00e1ximo que um declive pode formar com a parte inferior de uma m\u00e1quina sem que esta toque no solo ao atravessar. Este conceito \u00e9 essencial para evitar que a m\u00e1quina fique presa ou que a parte inferior da m\u00e1quina seja danificada ao atravessar declives ou rampas \u00edngremes. <\/p>&#13;\n&#13;\n<h2 class=\"wp-block-heading\">C\u00e1lculo do \u00e2ngulo ventral (\u03b2\u00b0)<\/h2>&#13;\n&#13;\n<p>O \u00e2ngulo ventral, representado por \u03b2\u00b0, \u00e9 determinado tendo em conta o ponto mais baixo da m\u00e1quina e a dist\u00e2ncia entre os seus eixos. \u00c9 o \u00e2ngulo m\u00e1ximo que a m\u00e1quina pode tolerar ao atravessar um declive sem que a sua parte inferior toque no solo. O seu c\u00e1lculo segue a f\u00f3rmula:  <\/p>&#13;\n&#13;\n<figure class=\"wp-block-image aligncenter size-full is-resized\"><img fetchpriority=\"high\" decoding=\"async\" width=\"934\" height=\"138\" class=\"wp-image-1171\" style=\"width: 432px; height: auto;\" src=\"https:\/\/grupoale.com\/zoomlion\/wp-content\/uploads\/formula-angulo-ventral.png\" alt=\"\" srcset=\"https:\/\/grupoale.com\/zoomlion\/wp-content\/uploads\/formula-angulo-ventral.png 934w, https:\/\/grupoale.com\/zoomlion\/wp-content\/uploads\/formula-angulo-ventral-300x44.png 300w, https:\/\/grupoale.com\/zoomlion\/wp-content\/uploads\/formula-angulo-ventral-768x113.png 768w\" sizes=\"(max-width: 934px) 100vw, 934px\" \/>&#13;\n<figcaption class=\"wp-element-caption\"><code><em>\u03b2\u00b0 = 2 \u00d7 arctan(Altura m\u00ednima del chasis al suelo \/ Distancia entre ejes)<\/em><\/code><\/figcaption>&#13;\n<\/figure>&#13;\n&#13;\n<p><br\/>Onde:<\/p>&#13;\n\r\n<ul class=\"wp-block-list\">&#13;\n<li><strong>Dist\u00e2ncia m\u00ednima ao solo do quadro<\/strong>: dist\u00e2ncia vertical entre o ponto mais baixo da m\u00e1quina e o solo.<\/li>&#13;\n\r\n\r\n&#13;\n<li><strong>Dist\u00e2ncia<\/strong> entre eixos: dist\u00e2ncia horizontal entre os principais pontos de apoio da m\u00e1quina (eixos dianteiro e traseiro ou extremidades dos \u00f3rg\u00e3os de rolamento).<\/li>&#13;\n<\/ul>\r\n<p><\/br><\/br><\/p>\n&#13;\n<figure><\/figure>&#13;\n<figure class=\"wp-block-image aligncenter size-large is-resized\"><img decoding=\"async\" class=\"wp-image-1172\" style=\"width: 550px; height: auto;\" src=\"https:\/\/grupoale.com\/zoomlion\/wp-content\/uploads\/angulo-ventral-1024x278.png\" alt=\"\"\/><\/figure>&#13;\n&#13;\n<p>\u00a0<\/p>&#13;\n<h2 class=\"wp-block-heading\">Import\u00e2ncia da utiliza\u00e7\u00e3o de rampas: \u00c2ngulo de subida (\u03b1\u00b0)<\/h2>&#13;\n&#13;\n<p>Quando uma rampa \u00e9 utilizada para carregar ou descarregar m\u00e1quinas, o \u00e2ngulo de subida, representado por \u03b1\u00b0, \u00e9 outro fator essencial. Este \u00e9 calculado em fun\u00e7\u00e3o do comprimento da rampa (h) e da altura da plataforma do ve\u00edculo ou do ponto de carga (a). A f\u00f3rmula \u00e9 a seguinte:  <\/p>&#13;\n&#13;\n<figure class=\"wp-block-image aligncenter size-full is-resized\"><img decoding=\"async\" width=\"330\" height=\"110\" class=\"wp-image-1173\" style=\"width: 186px; height: auto;\" src=\"https:\/\/grupoale.com\/zoomlion\/wp-content\/uploads\/formula-angulo-de-subida.png\" alt=\"\" srcset=\"https:\/\/grupoale.com\/zoomlion\/wp-content\/uploads\/formula-angulo-de-subida.png 330w, https:\/\/grupoale.com\/zoomlion\/wp-content\/uploads\/formula-angulo-de-subida-300x100.png 300w, https:\/\/grupoale.com\/zoomlion\/wp-content\/uploads\/formula-angulo-de-subida-20x7.png 20w\" sizes=\"(max-width: 330px) 100vw, 330px\" \/>&#13;\n<figcaption class=\"wp-element-caption\"><em>\u03b1\u00b0 = arctan(a \/ h)<\/em><\/figcaption>&#13;\n<\/figure>&#13;\n&#13;\n<p>Onde:<\/p>&#13;\n\r\n<ul class=\"wp-block-list\">&#13;\n<li><strong>a:<\/strong> Altura da plataforma do ve\u00edculo ou do ponto de carga (em metros).<\/li>&#13;\n\r\n\r\n&#13;\n<li><strong>h:<\/strong> Comprimento total da rampa (em metros).<\/li>&#13;\n<\/ul>\r\n<p><\/br><\/br><\/p>\n&#13;\n<figure class=\"wp-block-image aligncenter size-large\"><img decoding=\"async\" width=\"1024\" height=\"191\" class=\"wp-image-1174\" src=\"https:\/\/grupoale.com\/zoomlion\/wp-content\/uploads\/rampa-angulo-de-subida-1024x191.png\" alt=\"\" srcset=\"https:\/\/grupoale.com\/zoomlion\/wp-content\/uploads\/rampa-angulo-de-subida-1024x191.png 1024w, https:\/\/grupoale.com\/zoomlion\/wp-content\/uploads\/rampa-angulo-de-subida-300x56.png 300w, https:\/\/grupoale.com\/zoomlion\/wp-content\/uploads\/rampa-angulo-de-subida-768x144.png 768w, https:\/\/grupoale.com\/zoomlion\/wp-content\/uploads\/rampa-angulo-de-subida-1536x287.png 1536w, https:\/\/grupoale.com\/zoomlion\/wp-content\/uploads\/rampa-angulo-de-subida-20x4.png 20w, https:\/\/grupoale.com\/zoomlion\/wp-content\/uploads\/rampa-angulo-de-subida.png 1974w\" sizes=\"(max-width: 1024px) 100vw, 1024px\" \/><\/figure>&#13;\n&#13;\n<h3 class=\"wp-block-heading\">\u00a0<\/h3>&#13;\n<h3 class=\"wp-block-heading\">Rela\u00e7\u00e3o entre \u03b1\u00b0 e \u03b2\u00b0<\/h3>&#13;\n&#13;\n<p>Para garantir que a m\u00e1quina possa ser levantada ou baixada sem problemas:<\/p>&#13;\n\r\n<ul class=\"wp-block-list\">&#13;\n<li>O \u00e2ngulo de subida (\u03b1\u00b0) deve ser inferior ao \u00e2ngulo ventral (\u03b2\u00b0).<\/li>&#13;\n\r\n\r\n&#13;\n<li>Isto evita que a parte inferior da m\u00e1quina entre em contacto com a rampa no in\u00edcio, na transi\u00e7\u00e3o ou durante a subida.<\/li>&#13;\n<\/ul>\r\n&#13;\n<p>Por exemplo, se a altura da plataforma do ve\u00edculo for de 1 metro e a rampa tiver 4 metros de comprimento, o c\u00e1lculo do \u00e2ngulo de subida ser\u00e1 o seguinte<\/p>&#13;\n&#13;\n<figure class=\"wp-block-image aligncenter size-full is-resized\"><img loading=\"lazy\" decoding=\"async\" width=\"502\" height=\"132\" class=\"wp-image-1176\" style=\"width: 252px; height: auto;\" src=\"https:\/\/grupoale.com\/zoomlion\/wp-content\/uploads\/formula-ejemplo-angulo-ventral.png\" alt=\"\" srcset=\"https:\/\/grupoale.com\/zoomlion\/wp-content\/uploads\/formula-ejemplo-angulo-ventral.png 502w, https:\/\/grupoale.com\/zoomlion\/wp-content\/uploads\/formula-ejemplo-angulo-ventral-300x79.png 300w\" sizes=\"(max-width: 502px) 100vw, 502px\" \/>&#13;\n<figcaption class=\"wp-element-caption\"><em>\u03b1\u00b0 = arctan(1 \/ 4) \u2248 14,04\u00b0<\/em><\/figcaption>&#13;\n<\/figure>&#13;\n&#13;\n<p>Se o \u00e2ngulo ventral da m\u00e1quina (\u03b2\u00b0) for de 20\u00b0, esta configura\u00e7\u00e3o \u00e9 segura. No entanto, se \u03b2\u00b0 fosse inferior a 14\u00b0, haveria o risco de a m\u00e1quina tocar no ch\u00e3o. <\/p>&#13;\n&#13;\n<h2 class=\"wp-block-heading\">Conclus\u00e3o<\/h2>&#13;\n&#13;\n<p>O c\u00e1lculo exato do \u00e2ngulo de subida (\u03b1\u00b0) e a sua compara\u00e7\u00e3o com o \u00e2ngulo ventral (\u03b2\u00b0) \u00e9 essencial para escolher rampas que garantam seguran\u00e7a e efici\u00eancia. Esta an\u00e1lise t\u00e9cnica evita danos nas m\u00e1quinas e assegura um bom funcionamento, especialmente no transporte e manuseamento de equipamentos pesados. <\/p>&#13;\n&#13;\n<p>No Grupo ALE, oferecemos aconselhamento t\u00e9cnico especializado e uma sele\u00e7\u00e3o de rampas concebidas para otimizar o desempenho da sua maquinaria, adaptando-se \u00e0s necessidades espec\u00edficas de cada opera\u00e7\u00e3o. Se tiveres d\u00favidas ou precisares de solu\u00e7\u00f5es personalizadas, estamos aqui para ajudar! <\/p>&#13;\n","protected":false},"excerpt":{"rendered":"<p>&#13; A import\u00e2ncia de escolher as rampas adequadas para a carga e descarga de m\u00e1quinas: os factores-chave. &#13; &#13; No dom\u00ednio das m\u00e1quinas de constru\u00e7\u00e3o e de eleva\u00e7\u00e3o, as opera\u00e7\u00f5es de carga e descarga s\u00e3o uma parte crucial do trabalho quotidiano. A escolha certa das rampas e o c\u00e1lculo correto do \u00e2ngulo de subida n\u00e3o [&hellip;]<\/p>\n","protected":false},"author":2,"featured_media":1999,"comment_status":"closed","ping_status":"open","sticky":false,"template":"","format":"standard","meta":{"_acf_changed":false,"footnotes":""},"categories":[84],"tags":[],"class_list":["post-1762","post","type-post","status-publish","format-standard","has-post-thumbnail","hentry","category-artigos"],"acf":[],"yoast_head":"<!-- This site is optimized with the Yoast SEO plugin v27.1.1 - https:\/\/yoast.com\/product\/yoast-seo-wordpress\/ -->\n<title>Rampas para carga e descarga de m\u00e1quinas - Grupo ALE<\/title>\n<meta name=\"description\" content=\"A import\u00e2ncia de escolher as rampas corretas para a carga e descarga de m\u00e1quinas. Descobre os principais factores no nosso blogue\" \/>\n<meta name=\"robots\" content=\"index, follow, max-snippet:-1, max-image-preview:large, max-video-preview:-1\" \/>\n<link rel=\"canonical\" href=\"https:\/\/grupoale.com\/zoomlion\/pt-pt\/rampas-para-carga-e-descarga-de-maquinas\/\" \/>\n<meta property=\"og:locale\" content=\"pt_PT\" \/>\n<meta property=\"og:type\" content=\"article\" \/>\n<meta property=\"og:title\" content=\"Rampas para carga e descarga de m\u00e1quinas - Grupo ALE\" \/>\n<meta property=\"og:description\" content=\"A import\u00e2ncia de escolher as rampas corretas para a carga e descarga de m\u00e1quinas. Descobre os principais factores no nosso blogue\" \/>\n<meta property=\"og:url\" content=\"https:\/\/grupoale.com\/zoomlion\/pt-pt\/rampas-para-carga-e-descarga-de-maquinas\/\" \/>\n<meta property=\"og:site_name\" content=\"ALE Group - Distribuidor Zoomlion Maquinaria de Elevaci\u00f3n\" \/>\n<meta property=\"article:publisher\" content=\"https:\/\/www.facebook.com\/AccessLiftEquipment.Group\" \/>\n<meta property=\"article:published_time\" content=\"2024-11-22T18:09:41+00:00\" \/>\n<meta property=\"article:modified_time\" content=\"2024-11-27T15:48:48+00:00\" \/>\n<meta property=\"og:image\" content=\"https:\/\/grupoale.com\/zoomlion\/wp-content\/uploads\/rampa-angulo-de-subida.png\" \/>\n\t<meta property=\"og:image:width\" content=\"1974\" \/>\n\t<meta property=\"og:image:height\" content=\"369\" \/>\n\t<meta property=\"og:image:type\" content=\"image\/png\" \/>\n<meta name=\"author\" content=\"lna202497\" \/>\n<meta name=\"twitter:card\" content=\"summary_large_image\" \/>\n<meta name=\"twitter:label1\" content=\"Escrito por\" \/>\n\t<meta name=\"twitter:data1\" content=\"lna202497\" \/>\n\t<meta name=\"twitter:label2\" content=\"Tempo estimado de leitura\" \/>\n\t<meta name=\"twitter:data2\" content=\"4 minutos\" \/>\n<script type=\"application\/ld+json\" class=\"yoast-schema-graph\">{\"@context\":\"https:\/\/schema.org\",\"@graph\":[{\"@type\":\"Article\",\"@id\":\"https:\/\/grupoale.com\/zoomlion\/pt-pt\/rampas-para-carga-e-descarga-de-maquinas\/#article\",\"isPartOf\":{\"@id\":\"https:\/\/grupoale.com\/zoomlion\/pt-pt\/rampas-para-carga-e-descarga-de-maquinas\/\"},\"author\":{\"name\":\"lna202497\",\"@id\":\"https:\/\/grupoale.com\/zoomlion\/pt-pt\/#\/schema\/person\/bc1db384520b38f53f5b92f1c07a5d61\"},\"headline\":\"Rampas para carga e descarga de m\u00e1quinas\",\"datePublished\":\"2024-11-22T18:09:41+00:00\",\"dateModified\":\"2024-11-27T15:48:48+00:00\",\"mainEntityOfPage\":{\"@id\":\"https:\/\/grupoale.com\/zoomlion\/pt-pt\/rampas-para-carga-e-descarga-de-maquinas\/\"},\"wordCount\":744,\"publisher\":{\"@id\":\"https:\/\/grupoale.com\/zoomlion\/pt-pt\/#organization\"},\"image\":{\"@id\":\"https:\/\/grupoale.com\/zoomlion\/pt-pt\/rampas-para-carga-e-descarga-de-maquinas\/#primaryimage\"},\"thumbnailUrl\":\"https:\/\/grupoale.com\/zoomlion\/wp-content\/uploads\/Rampas-y-Angulo-Ventral.jpg\",\"articleSection\":[\"Artigos\"],\"inLanguage\":\"pt-PT\"},{\"@type\":\"WebPage\",\"@id\":\"https:\/\/grupoale.com\/zoomlion\/pt-pt\/rampas-para-carga-e-descarga-de-maquinas\/\",\"url\":\"https:\/\/grupoale.com\/zoomlion\/pt-pt\/rampas-para-carga-e-descarga-de-maquinas\/\",\"name\":\"Rampas para carga e descarga de m\u00e1quinas - Grupo ALE\",\"isPartOf\":{\"@id\":\"https:\/\/grupoale.com\/zoomlion\/pt-pt\/#website\"},\"primaryImageOfPage\":{\"@id\":\"https:\/\/grupoale.com\/zoomlion\/pt-pt\/rampas-para-carga-e-descarga-de-maquinas\/#primaryimage\"},\"image\":{\"@id\":\"https:\/\/grupoale.com\/zoomlion\/pt-pt\/rampas-para-carga-e-descarga-de-maquinas\/#primaryimage\"},\"thumbnailUrl\":\"https:\/\/grupoale.com\/zoomlion\/wp-content\/uploads\/Rampas-y-Angulo-Ventral.jpg\",\"datePublished\":\"2024-11-22T18:09:41+00:00\",\"dateModified\":\"2024-11-27T15:48:48+00:00\",\"description\":\"A import\u00e2ncia de escolher as rampas corretas para a carga e descarga de m\u00e1quinas. Descobre os principais factores no nosso blogue\",\"breadcrumb\":{\"@id\":\"https:\/\/grupoale.com\/zoomlion\/pt-pt\/rampas-para-carga-e-descarga-de-maquinas\/#breadcrumb\"},\"inLanguage\":\"pt-PT\",\"potentialAction\":[{\"@type\":\"ReadAction\",\"target\":[\"https:\/\/grupoale.com\/zoomlion\/pt-pt\/rampas-para-carga-e-descarga-de-maquinas\/\"]}]},{\"@type\":\"ImageObject\",\"inLanguage\":\"pt-PT\",\"@id\":\"https:\/\/grupoale.com\/zoomlion\/pt-pt\/rampas-para-carga-e-descarga-de-maquinas\/#primaryimage\",\"url\":\"https:\/\/grupoale.com\/zoomlion\/wp-content\/uploads\/Rampas-y-Angulo-Ventral.jpg\",\"contentUrl\":\"https:\/\/grupoale.com\/zoomlion\/wp-content\/uploads\/Rampas-y-Angulo-Ventral.jpg\",\"width\":1800,\"height\":1350},{\"@type\":\"BreadcrumbList\",\"@id\":\"https:\/\/grupoale.com\/zoomlion\/pt-pt\/rampas-para-carga-e-descarga-de-maquinas\/#breadcrumb\",\"itemListElement\":[{\"@type\":\"ListItem\",\"position\":1,\"name\":\"Portada\",\"item\":\"https:\/\/grupoale.com\/zoomlion\/pt-pt\/home\/\"},{\"@type\":\"ListItem\",\"position\":2,\"name\":\"Rampas para carga e descarga de m\u00e1quinas\"}]},{\"@type\":\"WebSite\",\"@id\":\"https:\/\/grupoale.com\/zoomlion\/pt-pt\/#website\",\"url\":\"https:\/\/grupoale.com\/zoomlion\/pt-pt\/\",\"name\":\"ALE Group - Distribuidor Zoomlion Maquinaria de Elevaci\u00f3n\",\"description\":\"ALE Group\",\"publisher\":{\"@id\":\"https:\/\/grupoale.com\/zoomlion\/pt-pt\/#organization\"},\"potentialAction\":[{\"@type\":\"SearchAction\",\"target\":{\"@type\":\"EntryPoint\",\"urlTemplate\":\"https:\/\/grupoale.com\/zoomlion\/pt-pt\/?s={search_term_string}\"},\"query-input\":{\"@type\":\"PropertyValueSpecification\",\"valueRequired\":true,\"valueName\":\"search_term_string\"}}],\"inLanguage\":\"pt-PT\"},{\"@type\":\"Organization\",\"@id\":\"https:\/\/grupoale.com\/zoomlion\/pt-pt\/#organization\",\"name\":\"ALE Group - Distribuidor Zoomlion Maquinaria de Elevaci\u00f3n\",\"alternateName\":\"ALE Group\",\"url\":\"https:\/\/grupoale.com\/zoomlion\/pt-pt\/\",\"logo\":{\"@type\":\"ImageObject\",\"inLanguage\":\"pt-PT\",\"@id\":\"https:\/\/grupoale.com\/zoomlion\/pt-pt\/#\/schema\/logo\/image\/\",\"url\":\"https:\/\/grupoale.com\/zoomlion\/wp-content\/uploads\/ale-group-logotipo.png\",\"contentUrl\":\"https:\/\/grupoale.com\/zoomlion\/wp-content\/uploads\/ale-group-logotipo.png\",\"width\":1200,\"height\":532,\"caption\":\"ALE Group - Distribuidor Zoomlion Maquinaria de Elevaci\u00f3n\"},\"image\":{\"@id\":\"https:\/\/grupoale.com\/zoomlion\/pt-pt\/#\/schema\/logo\/image\/\"},\"sameAs\":[\"https:\/\/www.facebook.com\/AccessLiftEquipment.Group\",\"https:\/\/www.instagram.com\/AccessLiftEquipment.Group\",\"https:\/\/www.linkedin.com\/company\/accessliftequipment-group\"]},{\"@type\":\"Person\",\"@id\":\"https:\/\/grupoale.com\/zoomlion\/pt-pt\/#\/schema\/person\/bc1db384520b38f53f5b92f1c07a5d61\",\"name\":\"lna202497\"}]}<\/script>\n<!-- \/ Yoast SEO plugin. -->","yoast_head_json":{"title":"Rampas para carga e descarga de m\u00e1quinas - Grupo ALE","description":"A import\u00e2ncia de escolher as rampas corretas para a carga e descarga de m\u00e1quinas. Descobre os principais factores no nosso blogue","robots":{"index":"index","follow":"follow","max-snippet":"max-snippet:-1","max-image-preview":"max-image-preview:large","max-video-preview":"max-video-preview:-1"},"canonical":"https:\/\/grupoale.com\/zoomlion\/pt-pt\/rampas-para-carga-e-descarga-de-maquinas\/","og_locale":"pt_PT","og_type":"article","og_title":"Rampas para carga e descarga de m\u00e1quinas - Grupo ALE","og_description":"A import\u00e2ncia de escolher as rampas corretas para a carga e descarga de m\u00e1quinas. Descobre os principais factores no nosso blogue","og_url":"https:\/\/grupoale.com\/zoomlion\/pt-pt\/rampas-para-carga-e-descarga-de-maquinas\/","og_site_name":"ALE Group - Distribuidor Zoomlion Maquinaria de Elevaci\u00f3n","article_publisher":"https:\/\/www.facebook.com\/AccessLiftEquipment.Group","article_published_time":"2024-11-22T18:09:41+00:00","article_modified_time":"2024-11-27T15:48:48+00:00","og_image":[{"width":1974,"height":369,"url":"https:\/\/grupoale.com\/zoomlion\/wp-content\/uploads\/rampa-angulo-de-subida.png","type":"image\/png"}],"author":"lna202497","twitter_card":"summary_large_image","twitter_misc":{"Escrito por":"lna202497","Tempo estimado de leitura":"4 minutos"},"schema":{"@context":"https:\/\/schema.org","@graph":[{"@type":"Article","@id":"https:\/\/grupoale.com\/zoomlion\/pt-pt\/rampas-para-carga-e-descarga-de-maquinas\/#article","isPartOf":{"@id":"https:\/\/grupoale.com\/zoomlion\/pt-pt\/rampas-para-carga-e-descarga-de-maquinas\/"},"author":{"name":"lna202497","@id":"https:\/\/grupoale.com\/zoomlion\/pt-pt\/#\/schema\/person\/bc1db384520b38f53f5b92f1c07a5d61"},"headline":"Rampas para carga e descarga de m\u00e1quinas","datePublished":"2024-11-22T18:09:41+00:00","dateModified":"2024-11-27T15:48:48+00:00","mainEntityOfPage":{"@id":"https:\/\/grupoale.com\/zoomlion\/pt-pt\/rampas-para-carga-e-descarga-de-maquinas\/"},"wordCount":744,"publisher":{"@id":"https:\/\/grupoale.com\/zoomlion\/pt-pt\/#organization"},"image":{"@id":"https:\/\/grupoale.com\/zoomlion\/pt-pt\/rampas-para-carga-e-descarga-de-maquinas\/#primaryimage"},"thumbnailUrl":"https:\/\/grupoale.com\/zoomlion\/wp-content\/uploads\/Rampas-y-Angulo-Ventral.jpg","articleSection":["Artigos"],"inLanguage":"pt-PT"},{"@type":"WebPage","@id":"https:\/\/grupoale.com\/zoomlion\/pt-pt\/rampas-para-carga-e-descarga-de-maquinas\/","url":"https:\/\/grupoale.com\/zoomlion\/pt-pt\/rampas-para-carga-e-descarga-de-maquinas\/","name":"Rampas para carga e descarga de m\u00e1quinas - Grupo ALE","isPartOf":{"@id":"https:\/\/grupoale.com\/zoomlion\/pt-pt\/#website"},"primaryImageOfPage":{"@id":"https:\/\/grupoale.com\/zoomlion\/pt-pt\/rampas-para-carga-e-descarga-de-maquinas\/#primaryimage"},"image":{"@id":"https:\/\/grupoale.com\/zoomlion\/pt-pt\/rampas-para-carga-e-descarga-de-maquinas\/#primaryimage"},"thumbnailUrl":"https:\/\/grupoale.com\/zoomlion\/wp-content\/uploads\/Rampas-y-Angulo-Ventral.jpg","datePublished":"2024-11-22T18:09:41+00:00","dateModified":"2024-11-27T15:48:48+00:00","description":"A import\u00e2ncia de escolher as rampas corretas para a carga e descarga de m\u00e1quinas. Descobre os principais factores no nosso blogue","breadcrumb":{"@id":"https:\/\/grupoale.com\/zoomlion\/pt-pt\/rampas-para-carga-e-descarga-de-maquinas\/#breadcrumb"},"inLanguage":"pt-PT","potentialAction":[{"@type":"ReadAction","target":["https:\/\/grupoale.com\/zoomlion\/pt-pt\/rampas-para-carga-e-descarga-de-maquinas\/"]}]},{"@type":"ImageObject","inLanguage":"pt-PT","@id":"https:\/\/grupoale.com\/zoomlion\/pt-pt\/rampas-para-carga-e-descarga-de-maquinas\/#primaryimage","url":"https:\/\/grupoale.com\/zoomlion\/wp-content\/uploads\/Rampas-y-Angulo-Ventral.jpg","contentUrl":"https:\/\/grupoale.com\/zoomlion\/wp-content\/uploads\/Rampas-y-Angulo-Ventral.jpg","width":1800,"height":1350},{"@type":"BreadcrumbList","@id":"https:\/\/grupoale.com\/zoomlion\/pt-pt\/rampas-para-carga-e-descarga-de-maquinas\/#breadcrumb","itemListElement":[{"@type":"ListItem","position":1,"name":"Portada","item":"https:\/\/grupoale.com\/zoomlion\/pt-pt\/home\/"},{"@type":"ListItem","position":2,"name":"Rampas para carga e descarga de m\u00e1quinas"}]},{"@type":"WebSite","@id":"https:\/\/grupoale.com\/zoomlion\/pt-pt\/#website","url":"https:\/\/grupoale.com\/zoomlion\/pt-pt\/","name":"ALE Group - Distribuidor Zoomlion Maquinaria de Elevaci\u00f3n","description":"ALE Group","publisher":{"@id":"https:\/\/grupoale.com\/zoomlion\/pt-pt\/#organization"},"potentialAction":[{"@type":"SearchAction","target":{"@type":"EntryPoint","urlTemplate":"https:\/\/grupoale.com\/zoomlion\/pt-pt\/?s={search_term_string}"},"query-input":{"@type":"PropertyValueSpecification","valueRequired":true,"valueName":"search_term_string"}}],"inLanguage":"pt-PT"},{"@type":"Organization","@id":"https:\/\/grupoale.com\/zoomlion\/pt-pt\/#organization","name":"ALE Group - Distribuidor Zoomlion Maquinaria de Elevaci\u00f3n","alternateName":"ALE Group","url":"https:\/\/grupoale.com\/zoomlion\/pt-pt\/","logo":{"@type":"ImageObject","inLanguage":"pt-PT","@id":"https:\/\/grupoale.com\/zoomlion\/pt-pt\/#\/schema\/logo\/image\/","url":"https:\/\/grupoale.com\/zoomlion\/wp-content\/uploads\/ale-group-logotipo.png","contentUrl":"https:\/\/grupoale.com\/zoomlion\/wp-content\/uploads\/ale-group-logotipo.png","width":1200,"height":532,"caption":"ALE Group - Distribuidor Zoomlion Maquinaria de Elevaci\u00f3n"},"image":{"@id":"https:\/\/grupoale.com\/zoomlion\/pt-pt\/#\/schema\/logo\/image\/"},"sameAs":["https:\/\/www.facebook.com\/AccessLiftEquipment.Group","https:\/\/www.instagram.com\/AccessLiftEquipment.Group","https:\/\/www.linkedin.com\/company\/accessliftequipment-group"]},{"@type":"Person","@id":"https:\/\/grupoale.com\/zoomlion\/pt-pt\/#\/schema\/person\/bc1db384520b38f53f5b92f1c07a5d61","name":"lna202497"}]}},"_links":{"self":[{"href":"https:\/\/grupoale.com\/zoomlion\/pt-pt\/wp-json\/wp\/v2\/posts\/1762","targetHints":{"allow":["GET"]}}],"collection":[{"href":"https:\/\/grupoale.com\/zoomlion\/pt-pt\/wp-json\/wp\/v2\/posts"}],"about":[{"href":"https:\/\/grupoale.com\/zoomlion\/pt-pt\/wp-json\/wp\/v2\/types\/post"}],"author":[{"embeddable":true,"href":"https:\/\/grupoale.com\/zoomlion\/pt-pt\/wp-json\/wp\/v2\/users\/2"}],"replies":[{"embeddable":true,"href":"https:\/\/grupoale.com\/zoomlion\/pt-pt\/wp-json\/wp\/v2\/comments?post=1762"}],"version-history":[{"count":2,"href":"https:\/\/grupoale.com\/zoomlion\/pt-pt\/wp-json\/wp\/v2\/posts\/1762\/revisions"}],"predecessor-version":[{"id":1902,"href":"https:\/\/grupoale.com\/zoomlion\/pt-pt\/wp-json\/wp\/v2\/posts\/1762\/revisions\/1902"}],"wp:featuredmedia":[{"embeddable":true,"href":"https:\/\/grupoale.com\/zoomlion\/pt-pt\/wp-json\/wp\/v2\/media\/1999"}],"wp:attachment":[{"href":"https:\/\/grupoale.com\/zoomlion\/pt-pt\/wp-json\/wp\/v2\/media?parent=1762"}],"wp:term":[{"taxonomy":"category","embeddable":true,"href":"https:\/\/grupoale.com\/zoomlion\/pt-pt\/wp-json\/wp\/v2\/categories?post=1762"},{"taxonomy":"post_tag","embeddable":true,"href":"https:\/\/grupoale.com\/zoomlion\/pt-pt\/wp-json\/wp\/v2\/tags?post=1762"}],"curies":[{"name":"wp","href":"https:\/\/api.w.org\/{rel}","templated":true}]}}